{"id":482,"date":"2022-05-13T11:07:05","date_gmt":"2022-05-13T09:07:05","guid":{"rendered":"http:\/\/www.instantspublics.com\/?p=482"},"modified":"2022-05-13T11:27:34","modified_gmt":"2022-05-13T09:27:34","slug":"le-jardin-des-lumieres","status":"publish","type":"post","link":"https:\/\/www.instantspublics.com\/?p=482","title":{"rendered":"Le Jardin des Lumi\u00e8res"},"content":{"rendered":"\n<p><\/p>\n\n\n\n<div class=\"wp-block-image\"><figure class=\"aligncenter size-large\"><img fetchpriority=\"high\" decoding=\"async\" width=\"768\" height=\"1024\" src=\"https:\/\/www.instantspublics.com\/wp-content\/uploads\/2022\/05\/Cloyes-sur-le-Loir-Le-Jardin-des-Lumieres-2021-bis-768x1024.jpg\" alt=\"\" class=\"wp-image-483\" srcset=\"https:\/\/www.instantspublics.com\/wp-content\/uploads\/2022\/05\/Cloyes-sur-le-Loir-Le-Jardin-des-Lumieres-2021-bis-768x1024.jpg 768w, https:\/\/www.instantspublics.com\/wp-content\/uploads\/2022\/05\/Cloyes-sur-le-Loir-Le-Jardin-des-Lumieres-2021-bis-225x300.jpg 225w, https:\/\/www.instantspublics.com\/wp-content\/uploads\/2022\/05\/Cloyes-sur-le-Loir-Le-Jardin-des-Lumieres-2021-bis-1152x1536.jpg 1152w, https:\/\/www.instantspublics.com\/wp-content\/uploads\/2022\/05\/Cloyes-sur-le-Loir-Le-Jardin-des-Lumieres-2021-bis-1536x2048.jpg 1536w, https:\/\/www.instantspublics.com\/wp-content\/uploads\/2022\/05\/Cloyes-sur-le-Loir-Le-Jardin-des-Lumieres-2021-bis-scaled.jpg 1920w\" sizes=\"(max-width: 768px) 100vw, 768px\" \/><\/figure><\/div>\n\n\n\n<p>Le Jardin des Lumi\u00e8res de Cloyes-Les-Trois-Rivi\u00e8res est un parcours lumineux, po\u00e9tique et ludique install\u00e9 dans le Parc Emile Zola, magnifique espace naturel situ\u00e9 au centre de la commune le long du Loir.<\/p>\n\n\n\n<p>Premier parcours de ce type con\u00e7u en France, le Jardin des Lumi\u00e8res propose une utilisation novatrice du mapping vid\u00e9o \u00e0 travers des spectacles directement projet\u00e9s sur les plus beaux arbres du parc.<\/p>\n\n\n\n<p>Deux projecteurs vid\u00e9o laser de faible puissance et en Haute D\u00e9finition sont dispos\u00e9s de part et d\u2019autre des 5 arbres choisis. Ce mat\u00e9riel de haute technologie permet de diffuser une atmosph\u00e8re diff\u00e9rente sur chaque arbre et de garantir un ressenti optimal en ce qui concerne les effets graphiques 2D et 3D.<\/p>\n\n\n\n<p>La bande son originale qui accompagne chaque projection m\u00e9lange musiques, bruitages et textes lus.<\/p>\n\n\n\n<p>Parfaitement synchronis\u00e9 avec les images, les effets sonores ajoutent une dimension suppl\u00e9mentaire aux animations vid\u00e9o en renfor\u00e7ant l\u2019aspect immersif et merveilleux de la projection.<\/p>\n\n\n\n<p>Le th\u00e8me global \u00ab&nbsp;Arbres et litt\u00e9rature&nbsp;\u00bb fait cette ann\u00e9e r\u00e9f\u00e9rence au nom m\u00eame du Parc Emile Zola.&nbsp; Des \u00e9vocations issues des plus belles pages de la litt\u00e9rature vont jalonner le parcours lumi\u00e8re.<\/p>\n\n\n\n<p>Mythes, symboles et histoires li\u00e9s aux arbres et au v\u00e9g\u00e9tal ont \u00e9t\u00e9 extraits de c\u00e9l\u00e8bres romans, po\u00e8mes et pi\u00e8ces de th\u00e9\u00e2tre pour composer des petits spectacles lumi\u00e8re accessibles \u00e0 tous, petits et grands.<\/p>\n\n\n\n<p>Chaque arbre va ainsi s\u2019illuminer au c\u0153ur de la nuit et se parer de lumi\u00e8res et d\u2019images permettant d\u2019illustrer une th\u00e9matique autour du v\u00e9g\u00e9tal et du livre.<\/p>\n\n\n\n<p>Nous pourrons ainsi trouver l\u2019arbre mythique, l\u2019arbre mal\u00e9fique, l\u2019arbre confident, l\u2019arbre d\u2019aventures et l\u2019arbre des saisons.<\/p>\n\n\n\n<div class=\"wp-block-image\"><figure class=\"aligncenter size-large\"><img decoding=\"async\" width=\"768\" height=\"1024\" src=\"https:\/\/www.instantspublics.com\/wp-content\/uploads\/2022\/05\/Cloyes-sur-le-Loir-Le-Jardin-des-Lumieres-2021-ter-768x1024.jpg\" alt=\"\" class=\"wp-image-484\" srcset=\"https:\/\/www.instantspublics.com\/wp-content\/uploads\/2022\/05\/Cloyes-sur-le-Loir-Le-Jardin-des-Lumieres-2021-ter-768x1024.jpg 768w, https:\/\/www.instantspublics.com\/wp-content\/uploads\/2022\/05\/Cloyes-sur-le-Loir-Le-Jardin-des-Lumieres-2021-ter-225x300.jpg 225w, https:\/\/www.instantspublics.com\/wp-content\/uploads\/2022\/05\/Cloyes-sur-le-Loir-Le-Jardin-des-Lumieres-2021-ter-1152x1536.jpg 1152w, https:\/\/www.instantspublics.com\/wp-content\/uploads\/2022\/05\/Cloyes-sur-le-Loir-Le-Jardin-des-Lumieres-2021-ter-1536x2048.jpg 1536w, https:\/\/www.instantspublics.com\/wp-content\/uploads\/2022\/05\/Cloyes-sur-le-Loir-Le-Jardin-des-Lumieres-2021-ter-scaled.jpg 1920w\" sizes=\"(max-width: 768px) 100vw, 768px\" \/><\/figure><\/div>\n","protected":false},"excerpt":{"rendered":"<p>Le Jardin des Lumi\u00e8res de Cloyes-Les-Trois-Rivi\u00e8res est un parcours lumineux, po\u00e9tique et ludique install\u00e9 dans le Parc Emile Zola, magnifique espace naturel situ\u00e9 au centre de la commune le long du Loir. Premier parcours de ce type con\u00e7u en France, le Jardin des Lumi\u00e8res propose une utilisation novatrice du mapping vid\u00e9o \u00e0 travers des spectacles &hellip; <\/p>\n<p class=\"link-more\"><a href=\"https:\/\/www.instantspublics.com\/?p=482\" class=\"more-link\">Lire la suite de<span class=\"screen-reader-text\">\u00ab\u00a0Le Jardin des Lumi\u00e8res\u00a0\u00bb<\/span><\/a><\/p>\n","protected":false},"author":1,"featured_media":485,"comment_status":"closed","ping_status":"closed","sticky":false,"template":"","format":"standard","meta":{"footnotes":""},"categories":[6],"tags":[],"class_list":["post-482","post","type-post","status-publish","format-standard","has-post-thumbnail","hentry","category-evenementiel-culturel-et-touristique"],"yoast_head":"<!-- This site is optimized with the Yoast SEO plugin v27.4 - https:\/\/yoast.com\/product\/yoast-seo-wordpress\/ -->\n<title>Le Jardin des Lumi\u00e8res - Instants Publics<\/title>\n<meta name=\"robots\" content=\"index, follow, max-snippet:-1, max-image-preview:large, max-video-preview:-1\" \/>\n<link rel=\"canonical\" href=\"https:\/\/www.instantspublics.com\/?p=482\" \/>\n<meta property=\"og:locale\" content=\"fr_FR\" \/>\n<meta property=\"og:type\" content=\"article\" \/>\n<meta property=\"og:title\" content=\"Le Jardin des Lumi\u00e8res - Instants Publics\" \/>\n<meta property=\"og:description\" content=\"Le Jardin des Lumi\u00e8res de Cloyes-Les-Trois-Rivi\u00e8res est un parcours lumineux, po\u00e9tique et ludique install\u00e9 dans le Parc Emile Zola, magnifique espace naturel situ\u00e9 au centre de la commune le long du Loir. Premier parcours de ce type con\u00e7u en France, le Jardin des Lumi\u00e8res propose une utilisation novatrice du mapping vid\u00e9o \u00e0 travers des spectacles &hellip; Lire la suite de\u00ab\u00a0Le Jardin des Lumi\u00e8res\u00a0\u00bb\" \/>\n<meta property=\"og:url\" content=\"https:\/\/www.instantspublics.com\/?p=482\" \/>\n<meta property=\"og:site_name\" content=\"Instants Publics\" \/>\n<meta property=\"article:published_time\" content=\"2022-05-13T09:07:05+00:00\" \/>\n<meta property=\"article:modified_time\" content=\"2022-05-13T09:27:34+00:00\" \/>\n<meta property=\"og:image\" content=\"https:\/\/www.instantspublics.com\/wp-content\/uploads\/2022\/05\/20210724_010727-scaled.jpg\" \/>\n\t<meta property=\"og:image:width\" content=\"1920\" \/>\n\t<meta property=\"og:image:height\" content=\"2560\" \/>\n\t<meta property=\"og:image:type\" content=\"image\/jpeg\" \/>\n<meta name=\"author\" content=\"Franck\" \/>\n<meta name=\"twitter:card\" content=\"summary_large_image\" \/>\n<meta name=\"twitter:label1\" content=\"\u00c9crit par\" \/>\n\t<meta name=\"twitter:data1\" content=\"Franck\" \/>\n\t<meta name=\"twitter:label2\" content=\"Dur\u00e9e de lecture estim\u00e9e\" \/>\n\t<meta name=\"twitter:data2\" content=\"2 minutes\" \/>\n<script type=\"application\/ld+json\" class=\"yoast-schema-graph\">{\"@context\":\"https:\\\/\\\/schema.org\",\"@graph\":[{\"@type\":\"Article\",\"@id\":\"https:\\\/\\\/www.instantspublics.com\\\/?p=482#article\",\"isPartOf\":{\"@id\":\"https:\\\/\\\/www.instantspublics.com\\\/?p=482\"},\"author\":{\"name\":\"Franck\",\"@id\":\"https:\\\/\\\/www.instantspublics.com\\\/#\\\/schema\\\/person\\\/f88bd7925af4676a9e6de6cbf0b8ca0d\"},\"headline\":\"Le Jardin des Lumi\u00e8res\",\"datePublished\":\"2022-05-13T09:07:05+00:00\",\"dateModified\":\"2022-05-13T09:27:34+00:00\",\"mainEntityOfPage\":{\"@id\":\"https:\\\/\\\/www.instantspublics.com\\\/?p=482\"},\"wordCount\":317,\"publisher\":{\"@id\":\"https:\\\/\\\/www.instantspublics.com\\\/#organization\"},\"image\":{\"@id\":\"https:\\\/\\\/www.instantspublics.com\\\/?p=482#primaryimage\"},\"thumbnailUrl\":\"https:\\\/\\\/www.instantspublics.com\\\/wp-content\\\/uploads\\\/2022\\\/05\\\/20210724_010727-scaled.jpg\",\"articleSection\":[\"Ev\u00e9nementiel culturel et touristique\"],\"inLanguage\":\"fr-FR\"},{\"@type\":\"WebPage\",\"@id\":\"https:\\\/\\\/www.instantspublics.com\\\/?p=482\",\"url\":\"https:\\\/\\\/www.instantspublics.com\\\/?p=482\",\"name\":\"Le Jardin des Lumi\u00e8res - Instants Publics\",\"isPartOf\":{\"@id\":\"https:\\\/\\\/www.instantspublics.com\\\/#website\"},\"primaryImageOfPage\":{\"@id\":\"https:\\\/\\\/www.instantspublics.com\\\/?p=482#primaryimage\"},\"image\":{\"@id\":\"https:\\\/\\\/www.instantspublics.com\\\/?p=482#primaryimage\"},\"thumbnailUrl\":\"https:\\\/\\\/www.instantspublics.com\\\/wp-content\\\/uploads\\\/2022\\\/05\\\/20210724_010727-scaled.jpg\",\"datePublished\":\"2022-05-13T09:07:05+00:00\",\"dateModified\":\"2022-05-13T09:27:34+00:00\",\"breadcrumb\":{\"@id\":\"https:\\\/\\\/www.instantspublics.com\\\/?p=482#breadcrumb\"},\"inLanguage\":\"fr-FR\",\"potentialAction\":[{\"@type\":\"ReadAction\",\"target\":[\"https:\\\/\\\/www.instantspublics.com\\\/?p=482\"]}]},{\"@type\":\"ImageObject\",\"inLanguage\":\"fr-FR\",\"@id\":\"https:\\\/\\\/www.instantspublics.com\\\/?p=482#primaryimage\",\"url\":\"https:\\\/\\\/www.instantspublics.com\\\/wp-content\\\/uploads\\\/2022\\\/05\\\/20210724_010727-scaled.jpg\",\"contentUrl\":\"https:\\\/\\\/www.instantspublics.com\\\/wp-content\\\/uploads\\\/2022\\\/05\\\/20210724_010727-scaled.jpg\",\"width\":1920,\"height\":2560},{\"@type\":\"BreadcrumbList\",\"@id\":\"https:\\\/\\\/www.instantspublics.com\\\/?p=482#breadcrumb\",\"itemListElement\":[{\"@type\":\"ListItem\",\"position\":1,\"name\":\"Accueil\",\"item\":\"https:\\\/\\\/www.instantspublics.com\\\/\"},{\"@type\":\"ListItem\",\"position\":2,\"name\":\"Le Jardin des Lumi\u00e8res\"}]},{\"@type\":\"WebSite\",\"@id\":\"https:\\\/\\\/www.instantspublics.com\\\/#website\",\"url\":\"https:\\\/\\\/www.instantspublics.com\\\/\",\"name\":\"Instants Publics\",\"description\":\"Raconter votre patrimoine, Illuminer votre Histoire\",\"publisher\":{\"@id\":\"https:\\\/\\\/www.instantspublics.com\\\/#organization\"},\"potentialAction\":[{\"@type\":\"SearchAction\",\"target\":{\"@type\":\"EntryPoint\",\"urlTemplate\":\"https:\\\/\\\/www.instantspublics.com\\\/?s={search_term_string}\"},\"query-input\":{\"@type\":\"PropertyValueSpecification\",\"valueRequired\":true,\"valueName\":\"search_term_string\"}}],\"inLanguage\":\"fr-FR\"},{\"@type\":\"Organization\",\"@id\":\"https:\\\/\\\/www.instantspublics.com\\\/#organization\",\"name\":\"Instants Publics\",\"url\":\"https:\\\/\\\/www.instantspublics.com\\\/\",\"logo\":{\"@type\":\"ImageObject\",\"inLanguage\":\"fr-FR\",\"@id\":\"https:\\\/\\\/www.instantspublics.com\\\/#\\\/schema\\\/logo\\\/image\\\/\",\"url\":\"https:\\\/\\\/www.instantspublics.com\\\/wp-content\\\/uploads\\\/2024\\\/09\\\/Instants.Publics_logo_Blanc.HORIZ_.png\",\"contentUrl\":\"https:\\\/\\\/www.instantspublics.com\\\/wp-content\\\/uploads\\\/2024\\\/09\\\/Instants.Publics_logo_Blanc.HORIZ_.png\",\"width\":1393,\"height\":1030,\"caption\":\"Instants Publics\"},\"image\":{\"@id\":\"https:\\\/\\\/www.instantspublics.com\\\/#\\\/schema\\\/logo\\\/image\\\/\"}},{\"@type\":\"Person\",\"@id\":\"https:\\\/\\\/www.instantspublics.com\\\/#\\\/schema\\\/person\\\/f88bd7925af4676a9e6de6cbf0b8ca0d\",\"name\":\"Franck\",\"image\":{\"@type\":\"ImageObject\",\"inLanguage\":\"fr-FR\",\"@id\":\"https:\\\/\\\/secure.gravatar.com\\\/avatar\\\/c6723e662e0886f4d7565c299ddafc59a379cf17554532c46cf4e1e627e8b228?s=96&d=mm&r=g\",\"url\":\"https:\\\/\\\/secure.gravatar.com\\\/avatar\\\/c6723e662e0886f4d7565c299ddafc59a379cf17554532c46cf4e1e627e8b228?s=96&d=mm&r=g\",\"contentUrl\":\"https:\\\/\\\/secure.gravatar.com\\\/avatar\\\/c6723e662e0886f4d7565c299ddafc59a379cf17554532c46cf4e1e627e8b228?s=96&d=mm&r=g\",\"caption\":\"Franck\"},\"url\":\"https:\\\/\\\/www.instantspublics.com\\\/?author=1\"}]}<\/script>\n<!-- \/ Yoast SEO plugin. -->","yoast_head_json":{"title":"Le Jardin des Lumi\u00e8res - Instants Publics","robots":{"index":"index","follow":"follow","max-snippet":"max-snippet:-1","max-image-preview":"max-image-preview:large","max-video-preview":"max-video-preview:-1"},"canonical":"https:\/\/www.instantspublics.com\/?p=482","og_locale":"fr_FR","og_type":"article","og_title":"Le Jardin des Lumi\u00e8res - Instants Publics","og_description":"Le Jardin des Lumi\u00e8res de Cloyes-Les-Trois-Rivi\u00e8res est un parcours lumineux, po\u00e9tique et ludique install\u00e9 dans le Parc Emile Zola, magnifique espace naturel situ\u00e9 au centre de la commune le long du Loir. Premier parcours de ce type con\u00e7u en France, le Jardin des Lumi\u00e8res propose une utilisation novatrice du mapping vid\u00e9o \u00e0 travers des spectacles &hellip; Lire la suite de\u00ab\u00a0Le Jardin des Lumi\u00e8res\u00a0\u00bb","og_url":"https:\/\/www.instantspublics.com\/?p=482","og_site_name":"Instants Publics","article_published_time":"2022-05-13T09:07:05+00:00","article_modified_time":"2022-05-13T09:27:34+00:00","og_image":[{"width":1920,"height":2560,"url":"https:\/\/www.instantspublics.com\/wp-content\/uploads\/2022\/05\/20210724_010727-scaled.jpg","type":"image\/jpeg"}],"author":"Franck","twitter_card":"summary_large_image","twitter_misc":{"\u00c9crit par":"Franck","Dur\u00e9e de lecture estim\u00e9e":"2 minutes"},"schema":{"@context":"https:\/\/schema.org","@graph":[{"@type":"Article","@id":"https:\/\/www.instantspublics.com\/?p=482#article","isPartOf":{"@id":"https:\/\/www.instantspublics.com\/?p=482"},"author":{"name":"Franck","@id":"https:\/\/www.instantspublics.com\/#\/schema\/person\/f88bd7925af4676a9e6de6cbf0b8ca0d"},"headline":"Le Jardin des Lumi\u00e8res","datePublished":"2022-05-13T09:07:05+00:00","dateModified":"2022-05-13T09:27:34+00:00","mainEntityOfPage":{"@id":"https:\/\/www.instantspublics.com\/?p=482"},"wordCount":317,"publisher":{"@id":"https:\/\/www.instantspublics.com\/#organization"},"image":{"@id":"https:\/\/www.instantspublics.com\/?p=482#primaryimage"},"thumbnailUrl":"https:\/\/www.instantspublics.com\/wp-content\/uploads\/2022\/05\/20210724_010727-scaled.jpg","articleSection":["Ev\u00e9nementiel culturel et touristique"],"inLanguage":"fr-FR"},{"@type":"WebPage","@id":"https:\/\/www.instantspublics.com\/?p=482","url":"https:\/\/www.instantspublics.com\/?p=482","name":"Le Jardin des Lumi\u00e8res - Instants Publics","isPartOf":{"@id":"https:\/\/www.instantspublics.com\/#website"},"primaryImageOfPage":{"@id":"https:\/\/www.instantspublics.com\/?p=482#primaryimage"},"image":{"@id":"https:\/\/www.instantspublics.com\/?p=482#primaryimage"},"thumbnailUrl":"https:\/\/www.instantspublics.com\/wp-content\/uploads\/2022\/05\/20210724_010727-scaled.jpg","datePublished":"2022-05-13T09:07:05+00:00","dateModified":"2022-05-13T09:27:34+00:00","breadcrumb":{"@id":"https:\/\/www.instantspublics.com\/?p=482#breadcrumb"},"inLanguage":"fr-FR","potentialAction":[{"@type":"ReadAction","target":["https:\/\/www.instantspublics.com\/?p=482"]}]},{"@type":"ImageObject","inLanguage":"fr-FR","@id":"https:\/\/www.instantspublics.com\/?p=482#primaryimage","url":"https:\/\/www.instantspublics.com\/wp-content\/uploads\/2022\/05\/20210724_010727-scaled.jpg","contentUrl":"https:\/\/www.instantspublics.com\/wp-content\/uploads\/2022\/05\/20210724_010727-scaled.jpg","width":1920,"height":2560},{"@type":"BreadcrumbList","@id":"https:\/\/www.instantspublics.com\/?p=482#breadcrumb","itemListElement":[{"@type":"ListItem","position":1,"name":"Accueil","item":"https:\/\/www.instantspublics.com\/"},{"@type":"ListItem","position":2,"name":"Le Jardin des Lumi\u00e8res"}]},{"@type":"WebSite","@id":"https:\/\/www.instantspublics.com\/#website","url":"https:\/\/www.instantspublics.com\/","name":"Instants Publics","description":"Raconter votre patrimoine, Illuminer votre Histoire","publisher":{"@id":"https:\/\/www.instantspublics.com\/#organization"},"potentialAction":[{"@type":"SearchAction","target":{"@type":"EntryPoint","urlTemplate":"https:\/\/www.instantspublics.com\/?s={search_term_string}"},"query-input":{"@type":"PropertyValueSpecification","valueRequired":true,"valueName":"search_term_string"}}],"inLanguage":"fr-FR"},{"@type":"Organization","@id":"https:\/\/www.instantspublics.com\/#organization","name":"Instants Publics","url":"https:\/\/www.instantspublics.com\/","logo":{"@type":"ImageObject","inLanguage":"fr-FR","@id":"https:\/\/www.instantspublics.com\/#\/schema\/logo\/image\/","url":"https:\/\/www.instantspublics.com\/wp-content\/uploads\/2024\/09\/Instants.Publics_logo_Blanc.HORIZ_.png","contentUrl":"https:\/\/www.instantspublics.com\/wp-content\/uploads\/2024\/09\/Instants.Publics_logo_Blanc.HORIZ_.png","width":1393,"height":1030,"caption":"Instants Publics"},"image":{"@id":"https:\/\/www.instantspublics.com\/#\/schema\/logo\/image\/"}},{"@type":"Person","@id":"https:\/\/www.instantspublics.com\/#\/schema\/person\/f88bd7925af4676a9e6de6cbf0b8ca0d","name":"Franck","image":{"@type":"ImageObject","inLanguage":"fr-FR","@id":"https:\/\/secure.gravatar.com\/avatar\/c6723e662e0886f4d7565c299ddafc59a379cf17554532c46cf4e1e627e8b228?s=96&d=mm&r=g","url":"https:\/\/secure.gravatar.com\/avatar\/c6723e662e0886f4d7565c299ddafc59a379cf17554532c46cf4e1e627e8b228?s=96&d=mm&r=g","contentUrl":"https:\/\/secure.gravatar.com\/avatar\/c6723e662e0886f4d7565c299ddafc59a379cf17554532c46cf4e1e627e8b228?s=96&d=mm&r=g","caption":"Franck"},"url":"https:\/\/www.instantspublics.com\/?author=1"}]}},"_links":{"self":[{"href":"https:\/\/www.instantspublics.com\/index.php?rest_route=\/wp\/v2\/posts\/482","targetHints":{"allow":["GET"]}}],"collection":[{"href":"https:\/\/www.instantspublics.com\/index.php?rest_route=\/wp\/v2\/posts"}],"about":[{"href":"https:\/\/www.instantspublics.com\/index.php?rest_route=\/wp\/v2\/types\/post"}],"author":[{"embeddable":true,"href":"https:\/\/www.instantspublics.com\/index.php?rest_route=\/wp\/v2\/users\/1"}],"replies":[{"embeddable":true,"href":"https:\/\/www.instantspublics.com\/index.php?rest_route=%2Fwp%2Fv2%2Fcomments&post=482"}],"version-history":[{"count":3,"href":"https:\/\/www.instantspublics.com\/index.php?rest_route=\/wp\/v2\/posts\/482\/revisions"}],"predecessor-version":[{"id":544,"href":"https:\/\/www.instantspublics.com\/index.php?rest_route=\/wp\/v2\/posts\/482\/revisions\/544"}],"wp:featuredmedia":[{"embeddable":true,"href":"https:\/\/www.instantspublics.com\/index.php?rest_route=\/wp\/v2\/media\/485"}],"wp:attachment":[{"href":"https:\/\/www.instantspublics.com\/index.php?rest_route=%2Fwp%2Fv2%2Fmedia&parent=482"}],"wp:term":[{"taxonomy":"category","embeddable":true,"href":"https:\/\/www.instantspublics.com\/index.php?rest_route=%2Fwp%2Fv2%2Fcategories&post=482"},{"taxonomy":"post_tag","embeddable":true,"href":"https:\/\/www.instantspublics.com\/index.php?rest_route=%2Fwp%2Fv2%2Ftags&post=482"}],"curies":[{"name":"wp","href":"https:\/\/api.w.org\/{rel}","templated":true}]}}